{"id":1031,"date":"2025-03-27T12:18:00","date_gmt":"2025-03-27T11:18:00","guid":{"rendered":"https:\/\/archiviodistatoterni.cultura.gov.it\/?p=1031"},"modified":"2025-03-27T12:20:38","modified_gmt":"2025-03-27T11:20:38","slug":"terni-i-volontari-ternani-nel-gruppo-di-combattimento-cremona-una-conferenza-un-libro-e-una-mostra-allarchivio-di-stato-in-occasione-dell80-della-liberazi","status":"publish","type":"post","link":"https:\/\/archiviodistatoterni.cultura.gov.it\/?p=1031","title":{"rendered":"I volontari ternani nel gruppo di combattimento \u2018Cremona\u2019, una conferenza, un libro e una mostra in occasione dell\u201980\u00b0 della Liberazione"},"content":{"rendered":"<p><img loading=\"lazy\" decoding=\"async\" class=\"size-large wp-image-1032 aligncenter\" src=\"https:\/\/archiviodistatoterni.cultura.gov.it\/wp-content\/uploads\/2025\/03\/thumbnail_iniziativa-4-aprile_locandina-717x1024.png\" alt=\"\" width=\"717\" height=\"1024\" \/><\/p>\n<p>&nbsp;<\/p>\n<p><strong>Venerd\u00ec 4 aprile, alle 16.30<\/strong>, presso la sala conferenze dell\u2019Archivio di Stato di Terni, su iniziativa dell\u2019Anpi provinciale e dell\u2019Istituto archivistico, si terr\u00e0 la conferenza dal titolo \u201c<strong>Verso l\u201980\u00b0 della Liberazione di Alfonsine. Il contributo dei volontari ternani dal libro: I volontari ternani nel gruppo di combattimento \u2018Cremona\u2019 &#8211; Scritti, documenti, testimonianze<\/strong>\u201d.<\/p>\n<p>L\u2019appuntamento rientra nel contesto di approfondimento e maggiore attenzione verso il ruolo dei militari nella Liberazione della Bassa Umbria e quello dei ternani del gruppo di combattimento \u201cCremona\u201d.<\/p>\n<p>Gli interventi, coordinati da Rossano Capputi, presidente provinciale di Anpi Terni e introdotti da Daniele Scopigno, direttore dell\u2019Archivio di Stato, prevedono i contributi di Riccardo Graziani, sindaco di Alfonsine; Nicoletta Rambelli, presidente dell\u2019Anpi di Alfonsine e di Albino Amodio per l\u2019Anpi nazionale. Successivamente saranno ripercorsi quegli eventi con le relazioni degli storici Angelo Bitti e Marco Venanzi. Brani delle testimonianze saranno inoltre letti da Attilio Piersanti.<\/p>\n<p>Al termine della conferenza sar\u00e0 inaugurata, nella sala espositiva, la mostra itinerante dal titolo \u201cUomini in guerra. Le forze armate nella guerra di Liberazione 1943-1945\u201d, a cura di Lorenzo Lodi, Marco Lodi e Franco Mari, realizzata dall\u2019Associazione nazionale combattenti delle Forze armate regolari Guerra di Liberazione e dall\u2019Associazione di promozione sociale Giano public history.<\/p>\n<p>La mostra rimarr\u00e0 aperta dal 4 all\u201911 aprile con i seguenti orari: dal luned\u00ec al venerd\u00ec dalle 9 alle 13.00; marted\u00ec e gioved\u00ec dalle 9 alle 18.<\/p>\n","protected":false},"excerpt":{"rendered":"<p>&nbsp; Venerd\u00ec 4 aprile, alle 16.30, presso la sala conferenze dell\u2019Archivio di Stato di Terni, su iniziativa dell\u2019Anpi provinciale e dell\u2019Istituto archivistico, si terr\u00e0 la conferenza dal titolo \u201cVerso l\u201980\u00b0 della Liberazione di Alfonsine.<\/p>\n","protected":false},"author":1,"featured_media":1032,"comment_status":"closed","ping_status":"open","sticky":false,"template":"","format":"standard","meta":{"advgb_blocks_editor_width":"","advgb_blocks_columns_visual_guide":"","footnotes":""},"categories":[21],"tags":[],"class_list":["post-1031","post","type-post","status-publish","format-standard","has-post-thumbnail","hentry","category-eventi"],"author_meta":{"display_name":"archiviodistatoterni","author_link":"https:\/\/archiviodistatoterni.cultura.gov.it\/?author=1"},"featured_img":"https:\/\/archiviodistatoterni.cultura.gov.it\/wp-content\/uploads\/2025\/03\/thumbnail_iniziativa-4-aprile_locandina-e1743074268369-264x300.png","featured_image_src":"https:\/\/archiviodistatoterni.cultura.gov.it\/wp-content\/uploads\/2025\/03\/thumbnail_iniziativa-4-aprile_locandina-e1743074268369-600x400.png","featured_image_src_square":"https:\/\/archiviodistatoterni.cultura.gov.it\/wp-content\/uploads\/2025\/03\/thumbnail_iniziativa-4-aprile_locandina-e1743074268369-600x600.png","author_info":{"display_name":"archiviodistatoterni","author_link":"https:\/\/archiviodistatoterni.cultura.gov.it\/?author=1"},"category_info":"<a href=\"https:\/\/archiviodistatoterni.cultura.gov.it\/?cat=21\" rel=\"category\">Eventi<\/a>","tags_info":"","social_share_info":"<a data-share=\"facebook\" href=\"https:\/\/www.facebook.com\/sharer.php?u=https:\/\/archiviodistatoterni.cultura.gov.it\/?p=1031\" class=\"pl-facebook-share social-share-default pl-social-share\" target=\"_blank\"><i class=\"fab fa-facebook-f\" aria-hidden=\"true\"><\/i><\/a><a data-share=\"twitter\" href=\"https:\/\/twitter.com\/share?url=https:\/\/archiviodistatoterni.cultura.gov.it\/?p=1031\" class=\"pl-twiiter-share social-share-default pl-social-share\" target=\"_blank\"><i class=\"fab fa-twitter\" aria-hidden=\"true\"><\/i><\/a><a data-share=\"linkedin\" href=\"https:\/\/www.linkedin.com\/shareArticle?url=https:\/\/archiviodistatoterni.cultura.gov.it\/?p=1031\" class=\"pl-linkedin-share social-share-default pl-social-share\" target=\"_blank\"><i class=\"fab fa-linkedin-in\" aria-hidden=\"true\"><\/i><\/a>","wordExcerpt_info":"<p><img loading=\"lazy\" class=\"size-large wp-image-1032 aligncenter\" src=\"https:\/\/archiviodistatoterni.cultura.gov.it\/wp-content\/uploads\/2025\/03\/thumbnail_iniziativa-4-aprile_locandina-717x1024.png\" alt=\"\" width=\"717\" height=\"1024\" \/><\/p>\n<p>&nbsp;<\/p>\n<p><strong>Venerd\u00ec 4 aprile, alle 16.30<\/strong>, presso la sala conferenze dell\u2019Archivio di Stato di Terni, su iniziativa dell\u2019Anpi provinciale e dell\u2019Istituto archivistico, si terr\u00e0 la conferenza dal titolo \u201c<strong>Verso l\u201980\u00b0 della Liberazione di Alfonsine. Il contributo dei volontari ternani dal libro: I volontari ternani nel gruppo di combattimento \u2018Cremona\u2019 &#8211; Scritti, documenti, testimonianze<\/strong>\u201d.<\/p>\n<p>L\u2019appuntamento rientra nel contesto di approfondimento e maggiore attenzione verso il ruolo dei militari nella Liberazione della Bassa Umbria e quello dei ternani del gruppo di combattimento \u201cCremona\u201d.<\/p>\n<p>Gli interventi, coordinati da Rossano Capputi, presidente provinciale di Anpi Terni e introdotti da Daniele Scopigno, direttore dell\u2019Archivio di Stato, prevedono i contributi di Riccardo Graziani, sindaco di Alfonsine; Nicoletta Rambelli, presidente dell\u2019Anpi di Alfonsine e di Albino Amodio per l\u2019Anpi nazionale. Successivamente saranno ripercorsi quegli eventi con le relazioni degli storici Angelo Bitti e Marco Venanzi. Brani delle testimonianze saranno inoltre letti da Attilio Piersanti.<\/p>\n<p>Al termine della conferenza sar\u00e0 inaugurata, nella sala espositiva, la mostra itinerante dal titolo \u201cUomini in guerra. Le forze armate nella guerra di Liberazione 1943-1945\u201d, a cura di Lorenzo Lodi, Marco Lodi e Franco Mari, realizzata dall\u2019Associazione nazionale combattenti delle Forze armate regolari Guerra di Liberazione e dall\u2019Associazione di promozione sociale Giano public history.<\/p>\n<p>La mostra rimarr\u00e0 aperta dal 4 all\u201911 aprile con i seguenti orari: dal luned\u00ec al venerd\u00ec dalle 9 alle 13.00; marted\u00ec e gioved\u00ec dalle 9 alle 18.<\/p>\n","comment_info":"No Comments","coauthors":[],"tax_additional":{"categories":{"linked":["<a href=\"https:\/\/archiviodistatoterni.cultura.gov.it\/?cat=21\" class=\"advgb-post-tax-term\">Eventi<\/a>"],"unlinked":["<span class=\"advgb-post-tax-term\">Eventi<\/span>"]}},"comment_count":"0","relative_dates":{"created":"Pubblicato 1 anno fa","modified":"Aggiornato 1 anno fa"},"absolute_dates":{"created":"Pubblicato il 27 Marzo 2025","modified":"Aggiornato il 27 Marzo 2025"},"absolute_dates_time":{"created":"Pubblicato il 27 Marzo 2025 12:18","modified":"Aggiornato il 27 Marzo 2025 12:20"},"featured_img_caption":"","series_order":"","_links":{"self":[{"href":"https:\/\/archiviodistatoterni.cultura.gov.it\/index.php?rest_route=\/wp\/v2\/posts\/1031","targetHints":{"allow":["GET"]}}],"collection":[{"href":"https:\/\/archiviodistatoterni.cultura.gov.it\/index.php?rest_route=\/wp\/v2\/posts"}],"about":[{"href":"https:\/\/archiviodistatoterni.cultura.gov.it\/index.php?rest_route=\/wp\/v2\/types\/post"}],"author":[{"embeddable":true,"href":"https:\/\/archiviodistatoterni.cultura.gov.it\/index.php?rest_route=\/wp\/v2\/users\/1"}],"replies":[{"embeddable":true,"href":"https:\/\/archiviodistatoterni.cultura.gov.it\/index.php?rest_route=%2Fwp%2Fv2%2Fcomments&post=1031"}],"version-history":[{"count":3,"href":"https:\/\/archiviodistatoterni.cultura.gov.it\/index.php?rest_route=\/wp\/v2\/posts\/1031\/revisions"}],"predecessor-version":[{"id":1035,"href":"https:\/\/archiviodistatoterni.cultura.gov.it\/index.php?rest_route=\/wp\/v2\/posts\/1031\/revisions\/1035"}],"wp:featuredmedia":[{"embeddable":true,"href":"https:\/\/archiviodistatoterni.cultura.gov.it\/index.php?rest_route=\/wp\/v2\/media\/1032"}],"wp:attachment":[{"href":"https:\/\/archiviodistatoterni.cultura.gov.it\/index.php?rest_route=%2Fwp%2Fv2%2Fmedia&parent=1031"}],"wp:term":[{"taxonomy":"category","embeddable":true,"href":"https:\/\/archiviodistatoterni.cultura.gov.it\/index.php?rest_route=%2Fwp%2Fv2%2Fcategories&post=1031"},{"taxonomy":"post_tag","embeddable":true,"href":"https:\/\/archiviodistatoterni.cultura.gov.it\/index.php?rest_route=%2Fwp%2Fv2%2Ftags&post=1031"}],"curies":[{"name":"wp","href":"https:\/\/api.w.org\/{rel}","templated":true}]}}