{"id":1087,"date":"2025-05-22T11:33:57","date_gmt":"2025-05-22T09:33:57","guid":{"rendered":"https:\/\/archiviodistatoterni.cultura.gov.it\/?p=1087"},"modified":"2025-05-22T11:33:57","modified_gmt":"2025-05-22T09:33:57","slug":"chiusura-temporanea-sala-di-studio-e-sala-catasti-per-interventi-manutenzione","status":"publish","type":"post","link":"https:\/\/archiviodistatoterni.cultura.gov.it\/?p=1087","title":{"rendered":"Chiusura temporanea sala di studio e sala catasti per interventi manutenzione"},"content":{"rendered":"<p>Si comunica che dal 26 al 30 maggio 2025 la sala di studio e la sala catasti saranno temporaneamente chiuse al pubblico per interventi di manutenzione.<\/p>\n<p>Per eventuali richieste \u00e8 possibile inviare una email all&#8217;indirizzo as-tr@cultura.gov.it.<\/p>\n<p>Salvo ulteriori necessit\u00e0, le sale di consultazione saranno riaperte al pubblico da marted\u00ec 3 giugno 2025 secondo le consuete modalit\u00e0 di previa prenotazione.<\/p>\n","protected":false},"excerpt":{"rendered":"<p>Si comunica che dal 26 al 30 maggio 2025 la sala di studio e la sala catasti saranno temporaneamente chiuse al pubblico per interventi di manutenzione.<\/p>\n","protected":false},"author":1,"featured_media":1088,"comment_status":"closed","ping_status":"open","sticky":false,"template":"","format":"standard","meta":{"advgb_blocks_editor_width":"","advgb_blocks_columns_visual_guide":"","footnotes":""},"categories":[12],"tags":[],"class_list":["post-1087","post","type-post","status-publish","format-standard","has-post-thumbnail","hentry","category-avvisi"],"author_meta":{"display_name":"archiviodistatoterni","author_link":"https:\/\/archiviodistatoterni.cultura.gov.it\/?author=1"},"featured_img":"https:\/\/archiviodistatoterni.cultura.gov.it\/wp-content\/uploads\/2025\/05\/ASTr-Palazzo-Mazzancolli.-Sala-Studio-300x200.jpg","featured_image_src":"https:\/\/archiviodistatoterni.cultura.gov.it\/wp-content\/uploads\/2025\/05\/ASTr-Palazzo-Mazzancolli.-Sala-Studio-600x400.jpg","featured_image_src_square":"https:\/\/archiviodistatoterni.cultura.gov.it\/wp-content\/uploads\/2025\/05\/ASTr-Palazzo-Mazzancolli.-Sala-Studio-600x600.jpg","author_info":{"display_name":"archiviodistatoterni","author_link":"https:\/\/archiviodistatoterni.cultura.gov.it\/?author=1"},"category_info":"<a href=\"https:\/\/archiviodistatoterni.cultura.gov.it\/?cat=12\" rel=\"category\">Avvisi<\/a>","tags_info":"","social_share_info":"<a data-share=\"facebook\" href=\"https:\/\/www.facebook.com\/sharer.php?u=https:\/\/archiviodistatoterni.cultura.gov.it\/?p=1087\" class=\"pl-facebook-share social-share-default pl-social-share\" target=\"_blank\"><i class=\"fab fa-facebook-f\" aria-hidden=\"true\"><\/i><\/a><a data-share=\"twitter\" href=\"https:\/\/twitter.com\/share?url=https:\/\/archiviodistatoterni.cultura.gov.it\/?p=1087\" class=\"pl-twiiter-share social-share-default pl-social-share\" target=\"_blank\"><i class=\"fab fa-twitter\" aria-hidden=\"true\"><\/i><\/a><a data-share=\"linkedin\" href=\"https:\/\/www.linkedin.com\/shareArticle?url=https:\/\/archiviodistatoterni.cultura.gov.it\/?p=1087\" class=\"pl-linkedin-share social-share-default pl-social-share\" target=\"_blank\"><i class=\"fab fa-linkedin-in\" aria-hidden=\"true\"><\/i><\/a>","wordExcerpt_info":"<p>Si comunica che dal 26 al 30 maggio 2025 la sala di studio e la sala catasti saranno temporaneamente chiuse al pubblico per interventi di manutenzione.<\/p>\n<p>Per eventuali richieste \u00e8 possibile inviare una email all&#8217;indirizzo as-tr@cultura.gov.it.<\/p>\n<p>Salvo ulteriori necessit\u00e0, le sale di consultazione saranno riaperte al pubblico da marted\u00ec 3 giugno 2025 secondo le consuete modalit\u00e0 di previa prenotazione.<\/p>\n","comment_info":"No Comments","coauthors":[],"tax_additional":{"categories":{"linked":["<a href=\"https:\/\/archiviodistatoterni.cultura.gov.it\/?cat=12\" class=\"advgb-post-tax-term\">Avvisi<\/a>"],"unlinked":["<span class=\"advgb-post-tax-term\">Avvisi<\/span>"]}},"comment_count":"0","relative_dates":{"created":"Pubblicato 12 mesi fa","modified":"Aggiornato 12 mesi fa"},"absolute_dates":{"created":"Pubblicato il 22 Maggio 2025","modified":"Aggiornato il 22 Maggio 2025"},"absolute_dates_time":{"created":"Pubblicato il 22 Maggio 2025 11:33","modified":"Aggiornato il 22 Maggio 2025 11:33"},"featured_img_caption":"","series_order":"","_links":{"self":[{"href":"https:\/\/archiviodistatoterni.cultura.gov.it\/index.php?rest_route=\/wp\/v2\/posts\/1087","targetHints":{"allow":["GET"]}}],"collection":[{"href":"https:\/\/archiviodistatoterni.cultura.gov.it\/index.php?rest_route=\/wp\/v2\/posts"}],"about":[{"href":"https:\/\/archiviodistatoterni.cultura.gov.it\/index.php?rest_route=\/wp\/v2\/types\/post"}],"author":[{"embeddable":true,"href":"https:\/\/archiviodistatoterni.cultura.gov.it\/index.php?rest_route=\/wp\/v2\/users\/1"}],"replies":[{"embeddable":true,"href":"https:\/\/archiviodistatoterni.cultura.gov.it\/index.php?rest_route=%2Fwp%2Fv2%2Fcomments&post=1087"}],"version-history":[{"count":1,"href":"https:\/\/archiviodistatoterni.cultura.gov.it\/index.php?rest_route=\/wp\/v2\/posts\/1087\/revisions"}],"predecessor-version":[{"id":1089,"href":"https:\/\/archiviodistatoterni.cultura.gov.it\/index.php?rest_route=\/wp\/v2\/posts\/1087\/revisions\/1089"}],"wp:featuredmedia":[{"embeddable":true,"href":"https:\/\/archiviodistatoterni.cultura.gov.it\/index.php?rest_route=\/wp\/v2\/media\/1088"}],"wp:attachment":[{"href":"https:\/\/archiviodistatoterni.cultura.gov.it\/index.php?rest_route=%2Fwp%2Fv2%2Fmedia&parent=1087"}],"wp:term":[{"taxonomy":"category","embeddable":true,"href":"https:\/\/archiviodistatoterni.cultura.gov.it\/index.php?rest_route=%2Fwp%2Fv2%2Fcategories&post=1087"},{"taxonomy":"post_tag","embeddable":true,"href":"https:\/\/archiviodistatoterni.cultura.gov.it\/index.php?rest_route=%2Fwp%2Fv2%2Ftags&post=1087"}],"curies":[{"name":"wp","href":"https:\/\/api.w.org\/{rel}","templated":true}]}}