{"id":1104,"date":"2025-05-30T13:27:54","date_gmt":"2025-05-30T11:27:54","guid":{"rendered":"https:\/\/archiviodistatoterni.cultura.gov.it\/?p=1104"},"modified":"2025-05-30T13:29:04","modified_gmt":"2025-05-30T11:29:04","slug":"terni-sotterranea-1939-1945-prorogata-la-mostra","status":"publish","type":"post","link":"https:\/\/archiviodistatoterni.cultura.gov.it\/?p=1104","title":{"rendered":"&#8220;Terni sotterranea 1939-1945&#8221;, prorogata la mostra fino a venerd\u00ec 6 giugno"},"content":{"rendered":"<p><img loading=\"lazy\" decoding=\"async\" class=\"size-large wp-image-1105 aligncenter\" src=\"https:\/\/archiviodistatoterni.cultura.gov.it\/wp-content\/uploads\/2025\/05\/PHOTO-2025-05-30-12-45-18-1024x768.jpg\" alt=\"\" width=\"1024\" height=\"768\" srcset=\"https:\/\/archiviodistatoterni.cultura.gov.it\/wp-content\/uploads\/2025\/05\/PHOTO-2025-05-30-12-45-18-1024x768.jpg 1024w, https:\/\/archiviodistatoterni.cultura.gov.it\/wp-content\/uploads\/2025\/05\/PHOTO-2025-05-30-12-45-18-300x225.jpg 300w, https:\/\/archiviodistatoterni.cultura.gov.it\/wp-content\/uploads\/2025\/05\/PHOTO-2025-05-30-12-45-18-768x576.jpg 768w, https:\/\/archiviodistatoterni.cultura.gov.it\/wp-content\/uploads\/2025\/05\/PHOTO-2025-05-30-12-45-18-1536x1152.jpg 1536w, https:\/\/archiviodistatoterni.cultura.gov.it\/wp-content\/uploads\/2025\/05\/PHOTO-2025-05-30-12-45-18.jpg 2048w\" sizes=\"auto, (max-width: 1024px) 100vw, 1024px\" \/><\/p>\n<p>&nbsp;<\/p>\n<p>L\u2019allestimento, che prevede un percorso fotografico e documentale, \u00e8 visitabile nei seguenti orari e giorni:<\/p>\n<p>luned\u00ec-mercoled\u00ec-venerd\u00ec dalle 9 alle 13;<\/p>\n<p>marted\u00ec e il gioved\u00ec dalle 9 alle 18.<\/p>\n","protected":false},"excerpt":{"rendered":"<p>&nbsp; L\u2019allestimento, che prevede un percorso fotografico e documentale, \u00e8 visitabile nei seguenti orari e giorni: luned\u00ec-mercoled\u00ec-venerd\u00ec dalle 9 alle 13; marted\u00ec e il gioved\u00ec dalle 9 alle 18.<\/p>\n","protected":false},"author":1,"featured_media":1105,"comment_status":"closed","ping_status":"open","sticky":false,"template":"","format":"standard","meta":{"advgb_blocks_editor_width":"","advgb_blocks_columns_visual_guide":"","footnotes":""},"categories":[12],"tags":[],"class_list":["post-1104","post","type-post","status-publish","format-standard","has-post-thumbnail","hentry","category-avvisi"],"author_meta":{"display_name":"archiviodistatoterni","author_link":"https:\/\/archiviodistatoterni.cultura.gov.it\/?author=1"},"featured_img":"https:\/\/archiviodistatoterni.cultura.gov.it\/wp-content\/uploads\/2025\/05\/PHOTO-2025-05-30-12-45-18-300x225.jpg","featured_image_src":"https:\/\/archiviodistatoterni.cultura.gov.it\/wp-content\/uploads\/2025\/05\/PHOTO-2025-05-30-12-45-18-600x400.jpg","featured_image_src_square":"https:\/\/archiviodistatoterni.cultura.gov.it\/wp-content\/uploads\/2025\/05\/PHOTO-2025-05-30-12-45-18-600x600.jpg","author_info":{"display_name":"archiviodistatoterni","author_link":"https:\/\/archiviodistatoterni.cultura.gov.it\/?author=1"},"category_info":"<a href=\"https:\/\/archiviodistatoterni.cultura.gov.it\/?cat=12\" rel=\"category\">Avvisi<\/a>","tags_info":"","social_share_info":"<a data-share=\"facebook\" href=\"https:\/\/www.facebook.com\/sharer.php?u=https:\/\/archiviodistatoterni.cultura.gov.it\/?p=1104\" class=\"pl-facebook-share social-share-default pl-social-share\" target=\"_blank\"><i class=\"fab fa-facebook-f\" aria-hidden=\"true\"><\/i><\/a><a data-share=\"twitter\" href=\"https:\/\/twitter.com\/share?url=https:\/\/archiviodistatoterni.cultura.gov.it\/?p=1104\" class=\"pl-twiiter-share social-share-default pl-social-share\" target=\"_blank\"><i class=\"fab fa-twitter\" aria-hidden=\"true\"><\/i><\/a><a data-share=\"linkedin\" href=\"https:\/\/www.linkedin.com\/shareArticle?url=https:\/\/archiviodistatoterni.cultura.gov.it\/?p=1104\" class=\"pl-linkedin-share social-share-default pl-social-share\" target=\"_blank\"><i class=\"fab fa-linkedin-in\" aria-hidden=\"true\"><\/i><\/a>","wordExcerpt_info":"<p><img loading=\"lazy\" class=\"size-large wp-image-1105 aligncenter\" src=\"https:\/\/archiviodistatoterni.cultura.gov.it\/wp-content\/uploads\/2025\/05\/PHOTO-2025-05-30-12-45-18-1024x768.jpg\" alt=\"\" width=\"1024\" height=\"768\" \/><\/p>\n<p>&nbsp;<\/p>\n<p>L\u2019allestimento, che prevede un percorso fotografico e documentale, \u00e8 visitabile nei seguenti orari e giorni:<\/p>\n<p>luned\u00ec-mercoled\u00ec-venerd\u00ec dalle 9 alle 13;<\/p>\n<p>marted\u00ec e il gioved\u00ec dalle 9 alle 18.<\/p>\n","comment_info":"No Comments","coauthors":[],"tax_additional":{"categories":{"linked":["<a href=\"https:\/\/archiviodistatoterni.cultura.gov.it\/?cat=12\" class=\"advgb-post-tax-term\">Avvisi<\/a>"],"unlinked":["<span class=\"advgb-post-tax-term\">Avvisi<\/span>"]}},"comment_count":"0","relative_dates":{"created":"Pubblicato 11 mesi fa","modified":"Aggiornato 11 mesi fa"},"absolute_dates":{"created":"Pubblicato il 30 Maggio 2025","modified":"Aggiornato il 30 Maggio 2025"},"absolute_dates_time":{"created":"Pubblicato il 30 Maggio 2025 13:27","modified":"Aggiornato il 30 Maggio 2025 13:29"},"featured_img_caption":"","series_order":"","_links":{"self":[{"href":"https:\/\/archiviodistatoterni.cultura.gov.it\/index.php?rest_route=\/wp\/v2\/posts\/1104","targetHints":{"allow":["GET"]}}],"collection":[{"href":"https:\/\/archiviodistatoterni.cultura.gov.it\/index.php?rest_route=\/wp\/v2\/posts"}],"about":[{"href":"https:\/\/archiviodistatoterni.cultura.gov.it\/index.php?rest_route=\/wp\/v2\/types\/post"}],"author":[{"embeddable":true,"href":"https:\/\/archiviodistatoterni.cultura.gov.it\/index.php?rest_route=\/wp\/v2\/users\/1"}],"replies":[{"embeddable":true,"href":"https:\/\/archiviodistatoterni.cultura.gov.it\/index.php?rest_route=%2Fwp%2Fv2%2Fcomments&post=1104"}],"version-history":[{"count":2,"href":"https:\/\/archiviodistatoterni.cultura.gov.it\/index.php?rest_route=\/wp\/v2\/posts\/1104\/revisions"}],"predecessor-version":[{"id":1107,"href":"https:\/\/archiviodistatoterni.cultura.gov.it\/index.php?rest_route=\/wp\/v2\/posts\/1104\/revisions\/1107"}],"wp:featuredmedia":[{"embeddable":true,"href":"https:\/\/archiviodistatoterni.cultura.gov.it\/index.php?rest_route=\/wp\/v2\/media\/1105"}],"wp:attachment":[{"href":"https:\/\/archiviodistatoterni.cultura.gov.it\/index.php?rest_route=%2Fwp%2Fv2%2Fmedia&parent=1104"}],"wp:term":[{"taxonomy":"category","embeddable":true,"href":"https:\/\/archiviodistatoterni.cultura.gov.it\/index.php?rest_route=%2Fwp%2Fv2%2Fcategories&post=1104"},{"taxonomy":"post_tag","embeddable":true,"href":"https:\/\/archiviodistatoterni.cultura.gov.it\/index.php?rest_route=%2Fwp%2Fv2%2Ftags&post=1104"}],"curies":[{"name":"wp","href":"https:\/\/api.w.org\/{rel}","templated":true}]}}