{"id":1114,"date":"2025-07-24T12:37:58","date_gmt":"2025-07-24T10:37:58","guid":{"rendered":"https:\/\/archiviodistatoterni.cultura.gov.it\/?p=1114"},"modified":"2025-07-24T12:39:11","modified_gmt":"2025-07-24T10:39:11","slug":"variazione-oraria-sale-di-consultazione-per-i-giorni-dal-1-al-29-agosto","status":"publish","type":"post","link":"https:\/\/archiviodistatoterni.cultura.gov.it\/?p=1114","title":{"rendered":"Variazione oraria sale di consultazione per i giorni dal 1 al 29 agosto"},"content":{"rendered":"<p>Si comunica che nei giorni dal 1 al 29 agosto le sale di consultazione effettueranno i seguenti orari:<\/p>\n<p>luned\u00ec-mercoled\u00ec-venerd\u00ec ore 8:30-13:30;<br \/>\nmarted\u00ec e gioved\u00ec ore 8:30-17.<\/p>\n","protected":false},"excerpt":{"rendered":"<p>Si comunica che nei giorni dal 1 al 29 agosto le sale di consultazione effettueranno i seguenti orari: luned\u00ec-mercoled\u00ec-venerd\u00ec ore 8:30-13:30; marted\u00ec e gioved\u00ec ore 8:30-17.<\/p>\n","protected":false},"author":1,"featured_media":1088,"comment_status":"closed","ping_status":"open","sticky":false,"template":"","format":"standard","meta":{"advgb_blocks_editor_width":"","advgb_blocks_columns_visual_guide":"","footnotes":""},"categories":[12],"tags":[],"class_list":["post-1114","post","type-post","status-publish","format-standard","has-post-thumbnail","hentry","category-avvisi"],"author_meta":{"display_name":"archiviodistatoterni","author_link":"https:\/\/archiviodistatoterni.cultura.gov.it\/?author=1"},"featured_img":"https:\/\/archiviodistatoterni.cultura.gov.it\/wp-content\/uploads\/2025\/05\/ASTr-Palazzo-Mazzancolli.-Sala-Studio-300x200.jpg","featured_image_src":"https:\/\/archiviodistatoterni.cultura.gov.it\/wp-content\/uploads\/2025\/05\/ASTr-Palazzo-Mazzancolli.-Sala-Studio-600x400.jpg","featured_image_src_square":"https:\/\/archiviodistatoterni.cultura.gov.it\/wp-content\/uploads\/2025\/05\/ASTr-Palazzo-Mazzancolli.-Sala-Studio-600x600.jpg","author_info":{"display_name":"archiviodistatoterni","author_link":"https:\/\/archiviodistatoterni.cultura.gov.it\/?author=1"},"category_info":"<a href=\"https:\/\/archiviodistatoterni.cultura.gov.it\/?cat=12\" rel=\"category\">Avvisi<\/a>","tags_info":"","social_share_info":"<a data-share=\"facebook\" href=\"https:\/\/www.facebook.com\/sharer.php?u=https:\/\/archiviodistatoterni.cultura.gov.it\/?p=1114\" class=\"pl-facebook-share social-share-default pl-social-share\" target=\"_blank\"><i class=\"fab fa-facebook-f\" aria-hidden=\"true\"><\/i><\/a><a data-share=\"twitter\" href=\"https:\/\/twitter.com\/share?url=https:\/\/archiviodistatoterni.cultura.gov.it\/?p=1114\" class=\"pl-twiiter-share social-share-default pl-social-share\" target=\"_blank\"><i class=\"fab fa-twitter\" aria-hidden=\"true\"><\/i><\/a><a data-share=\"linkedin\" href=\"https:\/\/www.linkedin.com\/shareArticle?url=https:\/\/archiviodistatoterni.cultura.gov.it\/?p=1114\" class=\"pl-linkedin-share social-share-default pl-social-share\" target=\"_blank\"><i class=\"fab fa-linkedin-in\" aria-hidden=\"true\"><\/i><\/a>","wordExcerpt_info":"<p>Si comunica che nei giorni dal 1 al 29 agosto le sale di consultazione effettueranno i seguenti orari:<\/p>\n<p>luned\u00ec-mercoled\u00ec-venerd\u00ec ore 8:30-13:30;<br \/>\nmarted\u00ec e gioved\u00ec ore 8:30-17.<\/p>\n","comment_info":"No Comments","coauthors":[],"tax_additional":{"categories":{"linked":["<a href=\"https:\/\/archiviodistatoterni.cultura.gov.it\/?cat=12\" class=\"advgb-post-tax-term\">Avvisi<\/a>"],"unlinked":["<span class=\"advgb-post-tax-term\">Avvisi<\/span>"]}},"comment_count":"0","relative_dates":{"created":"Pubblicato 9 mesi fa","modified":"Aggiornato 9 mesi fa"},"absolute_dates":{"created":"Pubblicato il 24 Luglio 2025","modified":"Aggiornato il 24 Luglio 2025"},"absolute_dates_time":{"created":"Pubblicato il 24 Luglio 2025 12:37","modified":"Aggiornato il 24 Luglio 2025 12:39"},"featured_img_caption":"","series_order":"","_links":{"self":[{"href":"https:\/\/archiviodistatoterni.cultura.gov.it\/index.php?rest_route=\/wp\/v2\/posts\/1114","targetHints":{"allow":["GET"]}}],"collection":[{"href":"https:\/\/archiviodistatoterni.cultura.gov.it\/index.php?rest_route=\/wp\/v2\/posts"}],"about":[{"href":"https:\/\/archiviodistatoterni.cultura.gov.it\/index.php?rest_route=\/wp\/v2\/types\/post"}],"author":[{"embeddable":true,"href":"https:\/\/archiviodistatoterni.cultura.gov.it\/index.php?rest_route=\/wp\/v2\/users\/1"}],"replies":[{"embeddable":true,"href":"https:\/\/archiviodistatoterni.cultura.gov.it\/index.php?rest_route=%2Fwp%2Fv2%2Fcomments&post=1114"}],"version-history":[{"count":3,"href":"https:\/\/archiviodistatoterni.cultura.gov.it\/index.php?rest_route=\/wp\/v2\/posts\/1114\/revisions"}],"predecessor-version":[{"id":1117,"href":"https:\/\/archiviodistatoterni.cultura.gov.it\/index.php?rest_route=\/wp\/v2\/posts\/1114\/revisions\/1117"}],"wp:featuredmedia":[{"embeddable":true,"href":"https:\/\/archiviodistatoterni.cultura.gov.it\/index.php?rest_route=\/wp\/v2\/media\/1088"}],"wp:attachment":[{"href":"https:\/\/archiviodistatoterni.cultura.gov.it\/index.php?rest_route=%2Fwp%2Fv2%2Fmedia&parent=1114"}],"wp:term":[{"taxonomy":"category","embeddable":true,"href":"https:\/\/archiviodistatoterni.cultura.gov.it\/index.php?rest_route=%2Fwp%2Fv2%2Fcategories&post=1114"},{"taxonomy":"post_tag","embeddable":true,"href":"https:\/\/archiviodistatoterni.cultura.gov.it\/index.php?rest_route=%2Fwp%2Fv2%2Ftags&post=1114"}],"curies":[{"name":"wp","href":"https:\/\/api.w.org\/{rel}","templated":true}]}}