{"id":1120,"date":"2025-09-22T10:33:50","date_gmt":"2025-09-22T08:33:50","guid":{"rendered":"https:\/\/archiviodistatoterni.cultura.gov.it\/?p=1120"},"modified":"2025-09-22T10:34:23","modified_gmt":"2025-09-22T08:34:23","slug":"1875-2025-150-anni-della-ex-regia-fabbrica-darmi-di-terni-sabato-27-settembre-ore-1600","status":"publish","type":"post","link":"https:\/\/archiviodistatoterni.cultura.gov.it\/?p=1120","title":{"rendered":"1875-2025 150 ANNI DELLA EX REGIA FABBRICA D&#8217;ARMI DI TERNI, sabato 27 settembre, ore 16:00"},"content":{"rendered":"<p>In occasione delle Giornate europee del patrimonio 2025, sar\u00e0 inaugurata, sabato 27 settembre alle ore 16 all&#8217;Archivio di Stato di Terni (via Cavour, 28), la mostra storico-documentaria &#8220;1875-2025 \/\/ 150 anni della ex Regia Fabbrica d&#8217;Armi&#8221;.<br class=\"html-br\" \/>L&#8217;iniziativa celebra l&#8217;importante realt\u00e0 cittadina e vede il contributo del Polo Mantenimento Armi Leggere inserendosi nell\u2019anno celebrativo previsto per questo 150esimo anniversario.<\/p>\n<p><img loading=\"lazy\" decoding=\"async\" class=\"alignnone size-large wp-image-1121\" src=\"https:\/\/archiviodistatoterni.cultura.gov.it\/wp-content\/uploads\/2025\/09\/545616340_1090266776620325_1362463708790358586_n-724x1024.jpg\" alt=\"\" width=\"724\" height=\"1024\" \/><br class=\"html-br\" \/><br class=\"html-br\" \/><br class=\"html-br\" \/>Il percorso espositivo ricostruisce la nascita della ex Regia Fabbrica attraverso la documentazione conservata in diversi fondi tra cui l\u2019archivio storico del Comune di <span class=\"html-span xdj266r x14z9mp xat24cr x1lziwak xexx8yu xyri2b x18d9i69 x1c1uobl x1hl2dhg x16tdsg8 x1vvkbs\"><a class=\"x1i10hfl xjbqb8w x1ejq31n x18oe1m7 x1sy0etr xstzfhl x972fbf x10w94by x1qhh985 x14e42zd x9f619 x1ypdohk xt0psk2 x3ct3a4 xdj266r x14z9mp xat24cr x1lziwak xexx8yu xyri2b x18d9i69 x1c1uobl x16tdsg8 x1hl2dhg xggy1nq x1a2a7pz xkrqix3 x1sur9pj xzsf02u x1s688f\" tabindex=\"0\" role=\"link\" href=\"https:\/\/www.facebook.com\/hashtag\/terni?__eep__=6&amp;__cft__[0]=AZUZaXnvP0qHQRjSf7GAnm61OEWE-I0kj9quU0yS1nmdNKfNKSSzKlakVq0q-_-guZ_S8zB-2JZsYqGQmxJzdTzcW5wQmVHmrb2vscYXk44YBnvQzJrbIJsD51i35U1ILuNAfx0T2w69uWLolBSWcMYvK2H_nUNs4c2t4PqGmzstNV7QeLWzXhk-p4X27jyAVng&amp;__tn__=*NK*F\">#Terni<\/a><\/span>\u00a0e del Genio civile. Il materiale esposto \u00e8 costituito da decreti, carteggio, manifesti, progetti e una ricca iconografia, in particolare per la realizzazione del cosiddetto canale Nerino che alimentava le macchine necessarie per la produzione.<br class=\"html-br\" \/><br class=\"html-br\" \/>L\u2019allestimento propone inoltre la realt\u00e0 urbana sorta nelle vicinanze dello stabilimento e destinata alla numerosa manodopera impiegata nella Fabbrica, manodopera ampiamente femminile in determinati periodi storici, come attestato da diversi fonti tra cui alcuni registri matricola messi a disposizione per questa iniziativa.<br class=\"html-br\" \/><br class=\"html-br\" \/>La mostra dedica anche uno spazio divulgativo alla documentazione medievale e rinascimentale riguardante il mantenimento delle armi in quel periodo storico secondo le disposizioni delle allora autorit\u00e0 cittadine.<br class=\"html-br\" \/><br class=\"html-br\" \/>All&#8217;incontro prenderanno parte alcuni studenti della classe 3A del liceo Classico &#8220;Tacito&#8221; a.s. 2024-2025 introducendo i visitatori al percorso espositivo.<br class=\"html-br\" \/><br class=\"html-br\" \/>L&#8217;allestimento rester\u00e0 aperto fino al 7 novembre con i seguenti orari di visita: luned\u00ec, mercoled\u00ec e venerd\u00ec ore 9-13; marted\u00ec e gioved\u00ec ore 9-13 e 15-18.<\/p>\n","protected":false},"excerpt":{"rendered":"<p>In occasione delle Giornate europee del patrimonio 2025, sar\u00e0 inaugurata, sabato 27 settembre alle ore 16 all&#8217;Archivio di Stato di Terni (via Cavour, 28), la mostra storico-documentaria &#8220;1875-2025 \/\/ 150 anni della ex Regia Fabbrica d&#8217;Armi&#8221;.<\/p>\n","protected":false},"author":1,"featured_media":1121,"comment_status":"closed","ping_status":"open","sticky":false,"template":"","format":"standard","meta":{"advgb_blocks_editor_width":"","advgb_blocks_columns_visual_guide":"","footnotes":""},"categories":[21],"tags":[],"class_list":["post-1120","post","type-post","status-publish","format-standard","has-post-thumbnail","hentry","category-eventi"],"author_meta":{"display_name":"archiviodistatoterni","author_link":"https:\/\/archiviodistatoterni.cultura.gov.it\/?author=1"},"featured_img":"https:\/\/archiviodistatoterni.cultura.gov.it\/wp-content\/uploads\/2025\/09\/545616340_1090266776620325_1362463708790358586_n-e1758530052137-300x290.jpg","featured_image_src":"https:\/\/archiviodistatoterni.cultura.gov.it\/wp-content\/uploads\/2025\/09\/545616340_1090266776620325_1362463708790358586_n-e1758530052137-600x400.jpg","featured_image_src_square":"https:\/\/archiviodistatoterni.cultura.gov.it\/wp-content\/uploads\/2025\/09\/545616340_1090266776620325_1362463708790358586_n-e1758530052137-600x600.jpg","author_info":{"display_name":"archiviodistatoterni","author_link":"https:\/\/archiviodistatoterni.cultura.gov.it\/?author=1"},"category_info":"<a href=\"https:\/\/archiviodistatoterni.cultura.gov.it\/?cat=21\" rel=\"category\">Eventi<\/a>","tags_info":"","social_share_info":"<a data-share=\"facebook\" href=\"https:\/\/www.facebook.com\/sharer.php?u=https:\/\/archiviodistatoterni.cultura.gov.it\/?p=1120\" class=\"pl-facebook-share social-share-default pl-social-share\" target=\"_blank\"><i class=\"fab fa-facebook-f\" aria-hidden=\"true\"><\/i><\/a><a data-share=\"twitter\" href=\"https:\/\/twitter.com\/share?url=https:\/\/archiviodistatoterni.cultura.gov.it\/?p=1120\" class=\"pl-twiiter-share social-share-default pl-social-share\" target=\"_blank\"><i class=\"fab fa-twitter\" aria-hidden=\"true\"><\/i><\/a><a data-share=\"linkedin\" href=\"https:\/\/www.linkedin.com\/shareArticle?url=https:\/\/archiviodistatoterni.cultura.gov.it\/?p=1120\" class=\"pl-linkedin-share social-share-default pl-social-share\" target=\"_blank\"><i class=\"fab fa-linkedin-in\" aria-hidden=\"true\"><\/i><\/a>","wordExcerpt_info":"<p>In occasione delle Giornate europee del patrimonio 2025, sar\u00e0 inaugurata, sabato 27 settembre alle ore 16 all&#8217;Archivio di Stato di Terni (via Cavour, 28), la mostra storico-documentaria &#8220;1875-2025 \/\/ 150 anni della ex Regia Fabbrica d&#8217;Armi&#8221;.<br class=\"html-br\" \/>L&#8217;iniziativa celebra l&#8217;importante realt\u00e0 cittadina e vede il contributo del Polo Mantenimento Armi Leggere inserendosi nell\u2019anno celebrativo previsto per questo 150esimo anniversario.<\/p>\n<p><img loading=\"lazy\" class=\"alignnone size-large wp-image-1121\" src=\"https:\/\/archiviodistatoterni.cultura.gov.it\/wp-content\/uploads\/2025\/09\/545616340_1090266776620325_1362463708790358586_n-724x1024.jpg\" alt=\"\" width=\"724\" height=\"1024\" \/><br class=\"html-br\" \/><br class=\"html-br\" \/><br class=\"html-br\" \/>Il percorso espositivo ricostruisce la nascita della ex Regia Fabbrica attraverso la documentazione conservata in diversi fondi tra cui l\u2019archivio storico del Comune di <span class=\"html-span xdj266r x14z9mp xat24cr x1lziwak xexx8yu xyri2b x18d9i69 x1c1uobl x1hl2dhg x16tdsg8 x1vvkbs\"><a class=\"x1i10hfl xjbqb8w x1ejq31n x18oe1m7 x1sy0etr xstzfhl x972fbf x10w94by x1qhh985 x14e42zd x9f619 x1ypdohk xt0psk2 x3ct3a4 xdj266r x14z9mp xat24cr x1lziwak xexx8yu xyri2b x18d9i69 x1c1uobl x16tdsg8 x1hl2dhg xggy1nq x1a2a7pz xkrqix3 x1sur9pj xzsf02u x1s688f\" role=\"link\" href=\"https:\/\/www.facebook.com\/hashtag\/terni?__eep__=6&amp;__cft__[0]=AZUZaXnvP0qHQRjSf7GAnm61OEWE-I0kj9quU0yS1nmdNKfNKSSzKlakVq0q-_-guZ_S8zB-2JZsYqGQmxJzdTzcW5wQmVHmrb2vscYXk44YBnvQzJrbIJsD51i35U1ILuNAfx0T2w69uWLolBSWcMYvK2H_nUNs4c2t4PqGmzstNV7QeLWzXhk-p4X27jyAVng&amp;__tn__=*NK*F\">#Terni<\/a><\/span>\u00a0e del Genio civile. Il materiale esposto \u00e8 costituito da decreti, carteggio, manifesti, progetti e una ricca iconografia, in particolare per la realizzazione del cosiddetto canale Nerino che alimentava le macchine necessarie per la produzione.<br class=\"html-br\" \/><br class=\"html-br\" \/>L\u2019allestimento propone inoltre la realt\u00e0 urbana sorta nelle vicinanze dello stabilimento e destinata alla numerosa manodopera impiegata nella Fabbrica, manodopera ampiamente femminile in determinati periodi storici, come attestato da diversi fonti tra cui alcuni registri matricola messi a disposizione per questa iniziativa.<br class=\"html-br\" \/><br class=\"html-br\" \/>La mostra dedica anche uno spazio divulgativo alla documentazione medievale e rinascimentale riguardante il mantenimento delle armi in quel periodo storico secondo le disposizioni delle allora autorit\u00e0 cittadine.<br class=\"html-br\" \/><br class=\"html-br\" \/>All&#8217;incontro prenderanno parte alcuni studenti della classe 3A del liceo Classico &#8220;Tacito&#8221; a.s. 2024-2025 introducendo i visitatori al percorso espositivo.<br class=\"html-br\" \/><br class=\"html-br\" \/>L&#8217;allestimento rester\u00e0 aperto fino al 7 novembre con i seguenti orari di visita: luned\u00ec, mercoled\u00ec e venerd\u00ec ore 9-13; marted\u00ec e gioved\u00ec ore 9-13 e 15-18.<\/p>\n","comment_info":"No Comments","coauthors":[],"tax_additional":{"categories":{"linked":["<a href=\"https:\/\/archiviodistatoterni.cultura.gov.it\/?cat=21\" class=\"advgb-post-tax-term\">Eventi<\/a>"],"unlinked":["<span class=\"advgb-post-tax-term\">Eventi<\/span>"]}},"comment_count":"0","relative_dates":{"created":"Pubblicato 7 mesi fa","modified":"Aggiornato 7 mesi fa"},"absolute_dates":{"created":"Pubblicato il 22 Settembre 2025","modified":"Aggiornato il 22 Settembre 2025"},"absolute_dates_time":{"created":"Pubblicato il 22 Settembre 2025 10:33","modified":"Aggiornato il 22 Settembre 2025 10:34"},"featured_img_caption":"","series_order":"","_links":{"self":[{"href":"https:\/\/archiviodistatoterni.cultura.gov.it\/index.php?rest_route=\/wp\/v2\/posts\/1120","targetHints":{"allow":["GET"]}}],"collection":[{"href":"https:\/\/archiviodistatoterni.cultura.gov.it\/index.php?rest_route=\/wp\/v2\/posts"}],"about":[{"href":"https:\/\/archiviodistatoterni.cultura.gov.it\/index.php?rest_route=\/wp\/v2\/types\/post"}],"author":[{"embeddable":true,"href":"https:\/\/archiviodistatoterni.cultura.gov.it\/index.php?rest_route=\/wp\/v2\/users\/1"}],"replies":[{"embeddable":true,"href":"https:\/\/archiviodistatoterni.cultura.gov.it\/index.php?rest_route=%2Fwp%2Fv2%2Fcomments&post=1120"}],"version-history":[{"count":1,"href":"https:\/\/archiviodistatoterni.cultura.gov.it\/index.php?rest_route=\/wp\/v2\/posts\/1120\/revisions"}],"predecessor-version":[{"id":1122,"href":"https:\/\/archiviodistatoterni.cultura.gov.it\/index.php?rest_route=\/wp\/v2\/posts\/1120\/revisions\/1122"}],"wp:featuredmedia":[{"embeddable":true,"href":"https:\/\/archiviodistatoterni.cultura.gov.it\/index.php?rest_route=\/wp\/v2\/media\/1121"}],"wp:attachment":[{"href":"https:\/\/archiviodistatoterni.cultura.gov.it\/index.php?rest_route=%2Fwp%2Fv2%2Fmedia&parent=1120"}],"wp:term":[{"taxonomy":"category","embeddable":true,"href":"https:\/\/archiviodistatoterni.cultura.gov.it\/index.php?rest_route=%2Fwp%2Fv2%2Fcategories&post=1120"},{"taxonomy":"post_tag","embeddable":true,"href":"https:\/\/archiviodistatoterni.cultura.gov.it\/index.php?rest_route=%2Fwp%2Fv2%2Ftags&post=1120"}],"curies":[{"name":"wp","href":"https:\/\/api.w.org\/{rel}","templated":true}]}}