{"id":817,"date":"2024-10-31T12:13:09","date_gmt":"2024-10-31T11:13:09","guid":{"rendered":"https:\/\/archiviodistatoterni.cultura.gov.it\/?p=817"},"modified":"2024-11-05T09:38:19","modified_gmt":"2024-11-05T08:38:19","slug":"presentazione-del-volume-linfame-setta-dellempia-dottrina-lavventura-profetica-di-david-lazzaretti-in-sabina-dellispettore-onorario-mic-roberto","status":"publish","type":"post","link":"https:\/\/archiviodistatoterni.cultura.gov.it\/?p=817","title":{"rendered":"Presentazione del volume \u201cL\u2019infame setta dell\u2019empia dottrina.  L\u2019avventura profetica di David Lazzaretti in Sabina\u201d dell\u2019Ispettore Onorario MiC, Roberto Lorenzetti"},"content":{"rendered":"<p><img loading=\"lazy\" decoding=\"async\" class=\"alignnone size-large wp-image-818\" src=\"https:\/\/archiviodistatoterni.cultura.gov.it\/wp-content\/uploads\/2024\/10\/ULTIMA-LEGGERA-731x1024.jpg\" alt=\"\" width=\"731\" height=\"1024\" srcset=\"https:\/\/archiviodistatoterni.cultura.gov.it\/wp-content\/uploads\/2024\/10\/ULTIMA-LEGGERA-731x1024.jpg 731w, https:\/\/archiviodistatoterni.cultura.gov.it\/wp-content\/uploads\/2024\/10\/ULTIMA-LEGGERA-214x300.jpg 214w, https:\/\/archiviodistatoterni.cultura.gov.it\/wp-content\/uploads\/2024\/10\/ULTIMA-LEGGERA-768x1075.jpg 768w, https:\/\/archiviodistatoterni.cultura.gov.it\/wp-content\/uploads\/2024\/10\/ULTIMA-LEGGERA-1097x1536.jpg 1097w, https:\/\/archiviodistatoterni.cultura.gov.it\/wp-content\/uploads\/2024\/10\/ULTIMA-LEGGERA-1463x2048.jpg 1463w, https:\/\/archiviodistatoterni.cultura.gov.it\/wp-content\/uploads\/2024\/10\/ULTIMA-LEGGERA-scaled.jpg 1829w\" sizes=\"auto, (max-width: 731px) 100vw, 731px\" \/><\/p>\n<p>&nbsp;<\/p>\n<p>Il 31 ottobre alle ore 16:30 l\u2019Archivio di Stato di Terni organizzer\u00e0 un evento culturale di presentazione del volume \u201cL\u2019infame setta dell\u2019empia dottrina&#8221;.<\/p>\n<p>L\u2019avventura profetica di David Lazzaretti in Sabina\u201d dell\u2019Ispettore Onorario MiC, Roberto Lorenzetti. Il movimento profetico di Lazzaretti, si rafforza nello sconvolgimento sociale, economico e culturale che invest\u00ec le classi subalterne nel periodo postunitario, le quali individuarono un percorso di speranza in movimenti che si ponevano in altra dimensione.<\/p>\n<p>Il movimento religioso di David Lazzaretti \u00e8 quello che con forza, ha proposto una societ\u00e0 alternativa a quella di quel momento. Il volume \u00e8 un saggio storico di estremo valore, frutto di numerose fonti documentarie reperite nei centri che hanno fatto da sfondo al lazzarettismo in Sabina, confine umbro, parte della provincia di Rieti.<\/p>\n<p>Il volume sar\u00e0 presentato dal noto professore Accademico Renato Covino e si concluder\u00e0 con un gruppo teatrale che far\u00e0 rivivere il personaggio ed il suo movimento.<\/p>\n<p>&nbsp;<\/p>\n","protected":false},"excerpt":{"rendered":"<p>&nbsp; Il 31 ottobre alle ore 16:30 l\u2019Archivio di Stato di Terni organizzer\u00e0 un evento culturale di presentazione del volume \u201cL\u2019infame setta dell\u2019empia dottrina&#8221;.<\/p>\n","protected":false},"author":1,"featured_media":819,"comment_status":"closed","ping_status":"open","sticky":false,"template":"","format":"standard","meta":{"advgb_blocks_editor_width":"","advgb_blocks_columns_visual_guide":"","footnotes":""},"categories":[21],"tags":[],"class_list":["post-817","post","type-post","status-publish","format-standard","has-post-thumbnail","hentry","category-eventi"],"author_meta":{"display_name":"archiviodistatoterni","author_link":"https:\/\/archiviodistatoterni.cultura.gov.it\/?author=1"},"featured_img":"https:\/\/archiviodistatoterni.cultura.gov.it\/wp-content\/uploads\/2024\/10\/ULTIMA-LEGGERA-1-scaled-e1729851108503-300x204.jpg","featured_image_src":"https:\/\/archiviodistatoterni.cultura.gov.it\/wp-content\/uploads\/2024\/10\/ULTIMA-LEGGERA-1-scaled-e1729851108503-600x400.jpg","featured_image_src_square":"https:\/\/archiviodistatoterni.cultura.gov.it\/wp-content\/uploads\/2024\/10\/ULTIMA-LEGGERA-1-scaled-e1729851108503-600x600.jpg","author_info":{"display_name":"archiviodistatoterni","author_link":"https:\/\/archiviodistatoterni.cultura.gov.it\/?author=1"},"category_info":"<a href=\"https:\/\/archiviodistatoterni.cultura.gov.it\/?cat=21\" rel=\"category\">Eventi<\/a>","tags_info":"","social_share_info":"<a data-share=\"facebook\" href=\"https:\/\/www.facebook.com\/sharer.php?u=https:\/\/archiviodistatoterni.cultura.gov.it\/?p=817\" class=\"pl-facebook-share social-share-default pl-social-share\" target=\"_blank\"><i class=\"fab fa-facebook-f\" aria-hidden=\"true\"><\/i><\/a><a data-share=\"twitter\" href=\"https:\/\/twitter.com\/share?url=https:\/\/archiviodistatoterni.cultura.gov.it\/?p=817\" class=\"pl-twiiter-share social-share-default pl-social-share\" target=\"_blank\"><i class=\"fab fa-twitter\" aria-hidden=\"true\"><\/i><\/a><a data-share=\"linkedin\" href=\"https:\/\/www.linkedin.com\/shareArticle?url=https:\/\/archiviodistatoterni.cultura.gov.it\/?p=817\" class=\"pl-linkedin-share social-share-default pl-social-share\" target=\"_blank\"><i class=\"fab fa-linkedin-in\" aria-hidden=\"true\"><\/i><\/a>","wordExcerpt_info":"<p><img loading=\"lazy\" class=\"alignnone size-large wp-image-818\" src=\"https:\/\/archiviodistatoterni.cultura.gov.it\/wp-content\/uploads\/2024\/10\/ULTIMA-LEGGERA-731x1024.jpg\" alt=\"\" width=\"731\" height=\"1024\" \/><\/p>\n<p>&nbsp;<\/p>\n<p>Il 31 ottobre alle ore 16:30 l\u2019Archivio di Stato di Terni organizzer\u00e0 un evento culturale di presentazione del volume \u201cL\u2019infame setta dell\u2019empia dottrina&#8221;.<\/p>\n<p>L\u2019avventura profetica di David Lazzaretti in Sabina\u201d dell\u2019Ispettore Onorario MiC, Roberto Lorenzetti. Il movimento profetico di Lazzaretti, si rafforza nello sconvolgimento sociale, economico e culturale che invest\u00ec le classi subalterne nel periodo postunitario, le quali individuarono un percorso di speranza in movimenti che si ponevano in altra dimensione.<\/p>\n<p>Il movimento religioso di David Lazzaretti \u00e8 quello che con forza, ha proposto una societ\u00e0 alternativa a quella di quel momento. Il volume \u00e8 un saggio storico di estremo valore, frutto di numerose fonti documentarie reperite nei centri che hanno fatto da sfondo al lazzarettismo in Sabina, confine umbro, parte della provincia di Rieti.<\/p>\n<p>Il volume sar\u00e0 presentato dal noto professore Accademico Renato Covino e si concluder\u00e0 con un gruppo teatrale che far\u00e0 rivivere il personaggio ed il suo movimento.<\/p>\n<p>&nbsp;<\/p>\n","comment_info":"No Comments","coauthors":[],"tax_additional":{"categories":{"linked":["<a href=\"https:\/\/archiviodistatoterni.cultura.gov.it\/?cat=21\" class=\"advgb-post-tax-term\">Eventi<\/a>"],"unlinked":["<span class=\"advgb-post-tax-term\">Eventi<\/span>"]}},"comment_count":"0","relative_dates":{"created":"Pubblicato 2 anni fa","modified":"Aggiornato 1 anno fa"},"absolute_dates":{"created":"Pubblicato il 31 Ottobre 2024","modified":"Aggiornato il 5 Novembre 2024"},"absolute_dates_time":{"created":"Pubblicato il 31 Ottobre 2024 12:13","modified":"Aggiornato il 5 Novembre 2024 9:38"},"featured_img_caption":"","series_order":"","_links":{"self":[{"href":"https:\/\/archiviodistatoterni.cultura.gov.it\/index.php?rest_route=\/wp\/v2\/posts\/817","targetHints":{"allow":["GET"]}}],"collection":[{"href":"https:\/\/archiviodistatoterni.cultura.gov.it\/index.php?rest_route=\/wp\/v2\/posts"}],"about":[{"href":"https:\/\/archiviodistatoterni.cultura.gov.it\/index.php?rest_route=\/wp\/v2\/types\/post"}],"author":[{"embeddable":true,"href":"https:\/\/archiviodistatoterni.cultura.gov.it\/index.php?rest_route=\/wp\/v2\/users\/1"}],"replies":[{"embeddable":true,"href":"https:\/\/archiviodistatoterni.cultura.gov.it\/index.php?rest_route=%2Fwp%2Fv2%2Fcomments&post=817"}],"version-history":[{"count":1,"href":"https:\/\/archiviodistatoterni.cultura.gov.it\/index.php?rest_route=\/wp\/v2\/posts\/817\/revisions"}],"predecessor-version":[{"id":820,"href":"https:\/\/archiviodistatoterni.cultura.gov.it\/index.php?rest_route=\/wp\/v2\/posts\/817\/revisions\/820"}],"wp:featuredmedia":[{"embeddable":true,"href":"https:\/\/archiviodistatoterni.cultura.gov.it\/index.php?rest_route=\/wp\/v2\/media\/819"}],"wp:attachment":[{"href":"https:\/\/archiviodistatoterni.cultura.gov.it\/index.php?rest_route=%2Fwp%2Fv2%2Fmedia&parent=817"}],"wp:term":[{"taxonomy":"category","embeddable":true,"href":"https:\/\/archiviodistatoterni.cultura.gov.it\/index.php?rest_route=%2Fwp%2Fv2%2Fcategories&post=817"},{"taxonomy":"post_tag","embeddable":true,"href":"https:\/\/archiviodistatoterni.cultura.gov.it\/index.php?rest_route=%2Fwp%2Fv2%2Ftags&post=817"}],"curies":[{"name":"wp","href":"https:\/\/api.w.org\/{rel}","templated":true}]}}