{"id":879,"date":"2024-11-07T17:48:23","date_gmt":"2024-11-07T16:48:23","guid":{"rendered":"https:\/\/archiviodistatoterni.cultura.gov.it\/?p=879"},"modified":"2024-12-13T11:23:12","modified_gmt":"2024-12-13T10:23:12","slug":"avviso-proroga-della-mostra-cesare-bazzani-il-disegno-le-citta-fino-al-10-gennaio-2025","status":"publish","type":"post","link":"https:\/\/archiviodistatoterni.cultura.gov.it\/?p=879","title":{"rendered":"AVVISO.  Proroga della mostra \u201cCESARE BAZZANI \u2013 il disegno, le citt\u00e0\u201d fino al 10 Gennaio 2025"},"content":{"rendered":"<p><img loading=\"lazy\" decoding=\"async\" class=\"alignnone size-large wp-image-773\" src=\"https:\/\/archiviodistatoterni.cultura.gov.it\/wp-content\/uploads\/2024\/10\/461762978_840836451563360_3469168903319618506_n-1024x682.jpg\" alt=\"\" width=\"1024\" height=\"682\" srcset=\"https:\/\/archiviodistatoterni.cultura.gov.it\/wp-content\/uploads\/2024\/10\/461762978_840836451563360_3469168903319618506_n-1024x682.jpg 1024w, https:\/\/archiviodistatoterni.cultura.gov.it\/wp-content\/uploads\/2024\/10\/461762978_840836451563360_3469168903319618506_n-300x200.jpg 300w, https:\/\/archiviodistatoterni.cultura.gov.it\/wp-content\/uploads\/2024\/10\/461762978_840836451563360_3469168903319618506_n-768x511.jpg 768w, https:\/\/archiviodistatoterni.cultura.gov.it\/wp-content\/uploads\/2024\/10\/461762978_840836451563360_3469168903319618506_n-1536x1022.jpg 1536w, https:\/\/archiviodistatoterni.cultura.gov.it\/wp-content\/uploads\/2024\/10\/461762978_840836451563360_3469168903319618506_n-600x400.jpg 600w, https:\/\/archiviodistatoterni.cultura.gov.it\/wp-content\/uploads\/2024\/10\/461762978_840836451563360_3469168903319618506_n-1200x800.jpg 1200w, https:\/\/archiviodistatoterni.cultura.gov.it\/wp-content\/uploads\/2024\/10\/461762978_840836451563360_3469168903319618506_n.jpg 2048w\" sizes=\"auto, (max-width: 1024px) 100vw, 1024px\" \/><\/p>\n<p>&nbsp;<\/p>\n<p class=\"cvGsUA direction-ltr align-center para-style-body\"><span class=\"OYPEnA font-feature-liga-off font-feature-clig-off font-feature-calt-off text-decoration-none text-strikethrough-none\">Ingresso libero\u00a0 \u00a0\u00a0<\/span><\/p>\n<p class=\"cvGsUA direction-ltr align-center para-style-body\"><span class=\"OYPEnA font-feature-liga-off font-feature-clig-off font-feature-calt-off text-decoration-none text-strikethrough-none\">Luned\u00ec, Mercoled\u00ec, Venerd\u00ec 9:00 &#8211; 13:00\u00a0 \u00a0\u00a0<\/span><\/p>\n<p class=\"cvGsUA direction-ltr align-center para-style-body\"><span class=\"OYPEnA font-feature-liga-off font-feature-clig-off font-feature-calt-off text-decoration-none text-strikethrough-none\">Marted\u00ec, Gioved\u00ec <\/span><span class=\"OYPEnA font-feature-liga-off font-feature-clig-off font-feature-calt-off text-decoration-none text-strikethrough-none\">9:00 &#8211; 13:00 e <\/span><span class=\"OYPEnA font-feature-liga-off font-feature-clig-off font-feature-calt-off text-decoration-none text-strikethrough-none\">15:00 &#8211; 17:00.<\/span><\/p>\n<p>&nbsp;<\/p>\n<p>Mostra a cura di Michele Giorgini: Selezione di disegni delle opere di tutta la nazione conservati nel fondo archivistico Bazzani dell&#8217;Archivio di Stato di Terni.<\/p>\n<p>&nbsp;<\/p>\n","protected":false},"excerpt":{"rendered":"<p>&nbsp; Ingresso libero\u00a0 \u00a0\u00a0 Luned\u00ec, Mercoled\u00ec, Venerd\u00ec 9:00 &#8211; 13:00\u00a0 \u00a0\u00a0 Marted\u00ec, Gioved\u00ec 9:00 &#8211; 13:00 e 15:00 &#8211; 17:00.<\/p>\n","protected":false},"author":1,"featured_media":765,"comment_status":"closed","ping_status":"open","sticky":false,"template":"","format":"standard","meta":{"advgb_blocks_editor_width":"","advgb_blocks_columns_visual_guide":"","footnotes":""},"categories":[12],"tags":[],"class_list":["post-879","post","type-post","status-publish","format-standard","has-post-thumbnail","hentry","category-avvisi"],"author_meta":{"display_name":"archiviodistatoterni","author_link":"https:\/\/archiviodistatoterni.cultura.gov.it\/?author=1"},"featured_img":"https:\/\/archiviodistatoterni.cultura.gov.it\/wp-content\/uploads\/2024\/10\/461561427_840836491563356_7146469615360033828_n-300x200.jpg","featured_image_src":"https:\/\/archiviodistatoterni.cultura.gov.it\/wp-content\/uploads\/2024\/10\/461561427_840836491563356_7146469615360033828_n-600x400.jpg","featured_image_src_square":"https:\/\/archiviodistatoterni.cultura.gov.it\/wp-content\/uploads\/2024\/10\/461561427_840836491563356_7146469615360033828_n-600x600.jpg","author_info":{"display_name":"archiviodistatoterni","author_link":"https:\/\/archiviodistatoterni.cultura.gov.it\/?author=1"},"category_info":"<a href=\"https:\/\/archiviodistatoterni.cultura.gov.it\/?cat=12\" rel=\"category\">Avvisi<\/a>","tags_info":"","social_share_info":"<a data-share=\"facebook\" href=\"https:\/\/www.facebook.com\/sharer.php?u=https:\/\/archiviodistatoterni.cultura.gov.it\/?p=879\" class=\"pl-facebook-share social-share-default pl-social-share\" target=\"_blank\"><i class=\"fab fa-facebook-f\" aria-hidden=\"true\"><\/i><\/a><a data-share=\"twitter\" href=\"https:\/\/twitter.com\/share?url=https:\/\/archiviodistatoterni.cultura.gov.it\/?p=879\" class=\"pl-twiiter-share social-share-default pl-social-share\" target=\"_blank\"><i class=\"fab fa-twitter\" aria-hidden=\"true\"><\/i><\/a><a data-share=\"linkedin\" href=\"https:\/\/www.linkedin.com\/shareArticle?url=https:\/\/archiviodistatoterni.cultura.gov.it\/?p=879\" class=\"pl-linkedin-share social-share-default pl-social-share\" target=\"_blank\"><i class=\"fab fa-linkedin-in\" aria-hidden=\"true\"><\/i><\/a>","wordExcerpt_info":"<p><img loading=\"lazy\" class=\"alignnone size-large wp-image-773\" src=\"https:\/\/archiviodistatoterni.cultura.gov.it\/wp-content\/uploads\/2024\/10\/461762978_840836451563360_3469168903319618506_n-1024x682.jpg\" alt=\"\" width=\"1024\" height=\"682\" \/><\/p>\n<p>&nbsp;<\/p>\n<p class=\"cvGsUA direction-ltr align-center para-style-body\"><span class=\"OYPEnA font-feature-liga-off font-feature-clig-off font-feature-calt-off text-decoration-none text-strikethrough-none\">Ingresso libero\u00a0 \u00a0\u00a0<\/span><\/p>\n<p class=\"cvGsUA direction-ltr align-center para-style-body\"><span class=\"OYPEnA font-feature-liga-off font-feature-clig-off font-feature-calt-off text-decoration-none text-strikethrough-none\">Luned\u00ec, Mercoled\u00ec, Venerd\u00ec 9:00 &#8211; 13:00\u00a0 \u00a0\u00a0<\/span><\/p>\n<p class=\"cvGsUA direction-ltr align-center para-style-body\"><span class=\"OYPEnA font-feature-liga-off font-feature-clig-off font-feature-calt-off text-decoration-none text-strikethrough-none\">Marted\u00ec, Gioved\u00ec <\/span><span class=\"OYPEnA font-feature-liga-off font-feature-clig-off font-feature-calt-off text-decoration-none text-strikethrough-none\">9:00 &#8211; 13:00 e <\/span><span class=\"OYPEnA font-feature-liga-off font-feature-clig-off font-feature-calt-off text-decoration-none text-strikethrough-none\">15:00 &#8211; 17:00.<\/span><\/p>\n<p>&nbsp;<\/p>\n<p>Mostra a cura di Michele Giorgini: Selezione di disegni delle opere di tutta la nazione conservati nel fondo archivistico Bazzani dell&#8217;Archivio di Stato di Terni.<\/p>\n<p>&nbsp;<\/p>\n","comment_info":"No Comments","coauthors":[],"tax_additional":{"categories":{"linked":["<a href=\"https:\/\/archiviodistatoterni.cultura.gov.it\/?cat=12\" class=\"advgb-post-tax-term\">Avvisi<\/a>"],"unlinked":["<span class=\"advgb-post-tax-term\">Avvisi<\/span>"]}},"comment_count":"0","relative_dates":{"created":"Pubblicato 1 anno fa","modified":"Aggiornato 1 anno fa"},"absolute_dates":{"created":"Pubblicato il 7 Novembre 2024","modified":"Aggiornato il 13 Dicembre 2024"},"absolute_dates_time":{"created":"Pubblicato il 7 Novembre 2024 17:48","modified":"Aggiornato il 13 Dicembre 2024 11:23"},"featured_img_caption":"","series_order":"","_links":{"self":[{"href":"https:\/\/archiviodistatoterni.cultura.gov.it\/index.php?rest_route=\/wp\/v2\/posts\/879","targetHints":{"allow":["GET"]}}],"collection":[{"href":"https:\/\/archiviodistatoterni.cultura.gov.it\/index.php?rest_route=\/wp\/v2\/posts"}],"about":[{"href":"https:\/\/archiviodistatoterni.cultura.gov.it\/index.php?rest_route=\/wp\/v2\/types\/post"}],"author":[{"embeddable":true,"href":"https:\/\/archiviodistatoterni.cultura.gov.it\/index.php?rest_route=\/wp\/v2\/users\/1"}],"replies":[{"embeddable":true,"href":"https:\/\/archiviodistatoterni.cultura.gov.it\/index.php?rest_route=%2Fwp%2Fv2%2Fcomments&post=879"}],"version-history":[{"count":5,"href":"https:\/\/archiviodistatoterni.cultura.gov.it\/index.php?rest_route=\/wp\/v2\/posts\/879\/revisions"}],"predecessor-version":[{"id":885,"href":"https:\/\/archiviodistatoterni.cultura.gov.it\/index.php?rest_route=\/wp\/v2\/posts\/879\/revisions\/885"}],"wp:featuredmedia":[{"embeddable":true,"href":"https:\/\/archiviodistatoterni.cultura.gov.it\/index.php?rest_route=\/wp\/v2\/media\/765"}],"wp:attachment":[{"href":"https:\/\/archiviodistatoterni.cultura.gov.it\/index.php?rest_route=%2Fwp%2Fv2%2Fmedia&parent=879"}],"wp:term":[{"taxonomy":"category","embeddable":true,"href":"https:\/\/archiviodistatoterni.cultura.gov.it\/index.php?rest_route=%2Fwp%2Fv2%2Fcategories&post=879"},{"taxonomy":"post_tag","embeddable":true,"href":"https:\/\/archiviodistatoterni.cultura.gov.it\/index.php?rest_route=%2Fwp%2Fv2%2Ftags&post=879"}],"curies":[{"name":"wp","href":"https:\/\/api.w.org\/{rel}","templated":true}]}}